{"id":709,"date":"2019-06-06T11:47:25","date_gmt":"2019-06-06T09:47:25","guid":{"rendered":"https:\/\/www.atecyr.org\/blog\/?p=709"},"modified":"2022-01-24T18:13:20","modified_gmt":"2022-01-24T17:13:20","slug":"evolucion-del-sector-de-la-climatizacion-en-los-ultimos-50-anos-confort-calidad-y-eficiencia-energetica","status":"publish","type":"post","link":"https:\/\/www.atecyr.org\/blog\/2019\/06\/06\/evolucion-del-sector-de-la-climatizacion-en-los-ultimos-50-anos-confort-calidad-y-eficiencia-energetica\/","title":{"rendered":"Evoluci\u00f3n del sector de la climatizaci\u00f3n en los \u00faltimos 50 a\u00f1os: confort, calidad y eficiencia energ\u00e9tica por Arcadio Garc\u00eda Lastra"},"content":{"rendered":"\n<div class=\"wp-block-media-text alignwide is-stacked-on-mobile\" style=\"grid-template-columns:16% auto\"><figure class=\"wp-block-media-text__media\"><img loading=\"lazy\" decoding=\"async\" width=\"921\" height=\"930\" src=\"https:\/\/www.atecyr.org\/blog\/wp-content\/uploads\/2019\/06\/Arcadio.jpg\" alt=\"\" class=\"wp-image-710 size-full\" srcset=\"https:\/\/www.atecyr.org\/blog\/wp-content\/uploads\/2019\/06\/Arcadio.jpg 921w, https:\/\/www.atecyr.org\/blog\/wp-content\/uploads\/2019\/06\/Arcadio-150x150.jpg 150w, https:\/\/www.atecyr.org\/blog\/wp-content\/uploads\/2019\/06\/Arcadio-297x300.jpg 297w, https:\/\/www.atecyr.org\/blog\/wp-content\/uploads\/2019\/06\/Arcadio-768x776.jpg 768w, https:\/\/www.atecyr.org\/blog\/wp-content\/uploads\/2019\/06\/Arcadio-495x500.jpg 495w, https:\/\/www.atecyr.org\/blog\/wp-content\/uploads\/2019\/06\/Arcadio-792x800.jpg 792w\" sizes=\"(max-width: 921px) 100vw, 921px\" \/><\/figure><div class=\"wp-block-media-text__content\">\n<p style=\"font-size:24px\"><strong>Arcadio Garc\u00eda Lastra<\/strong><\/p>\n\n\n\n<p>Secretario T\u00e9cnico de Atecyr<\/p>\n<\/div><\/div>\n\n\n\n<p><\/p>\n\n\n\n<p>Para elaborar este art\u00edculo, hemos recabado la opini\u00f3n de los miembros del Comit\u00e9 T\u00e9cnico de Atecyr y con las vivencias escuchadas, unida a la narrativa de nuestra conferencia inaugural del Curso de Experto en Climatizaci\u00f3n, <em>Historia, presente y futuro de la climatizaci\u00f3n<\/em>, hemos podido estructurar, de forma somera, el siguiente art\u00edculo hist\u00f3rico.<\/p>\n\n\n\n<p>La evoluci\u00f3n tecnol\u00f3gica sufri\u00f3\nsus primeros cambios por la propia innovaci\u00f3n e investigaci\u00f3n de fabricantes en\nparticular y de la sociedad cient\u00edfica en general, tambi\u00e9n por tendencias\npropias del mercado. Las \u00faltimas transformaciones han sido fruto de exigencias\nreglamentarias (fundamentalmente en la \u00faltima d\u00e9cada) por los distintos mecanismos\nt\u00e9cnicos y legislativos por todos conocidos.<\/p>\n\n\n\n<p>A lo largo de todos estos a\u00f1os se\nasiste no s\u00f3lo a la aparici\u00f3n de nuevos equipos, sino tambien al desarrollo y\nperfeccionamiento de los procedimientos de c\u00e1lculo y a los datos de partida\nnecesarios para implementar dichos c\u00e1lculos.<\/p>\n\n\n\n<p>Nos gustar\u00eda aclarar, en este\npunto del art\u00edculo que el acondicionamiento de aire es un proceso de\ntratamiento del aire de los locales habitados, regulando las condiciones de\ntemperatura, humedad, limpieza (renovaci\u00f3n y filtrado) y movimiento del aire\ndentro del mismo buscando el bienestar de sus ocupantes. En el mercado de la\nclimatizaci\u00f3n se ha acu\u00f1ado el t\u00e9rmino de aire acondicionado o calefacci\u00f3n, en\nvez del t\u00e9rmino adecuado que es&nbsp;acondicionamiento de aire.<\/p>\n\n\n\n<p>Las primeras instalaciones de climatizaci\u00f3n que existieron\nse utilizaron para ambientes industriales y se remontan al comienzo del siglo\nXX en los EEUU (y a finales del XIX). A partir de ah\u00ed, los avances tecnologicos\nde los fabricantes y la forma de trabajar en el dise\u00f1o de la propia instalaci\u00f3n\npor parte de las ingenierias fueron sufriendo&nbsp;\ntransformaciones, que de forma somera, intentamos redactar a\ncontinuaci\u00f3n. <\/p>\n\n\n\n<p><strong>D\u00c9CADAS DE LOS A\u00d1OS 20, 30 y 40<\/strong><\/p>\n\n\n\n<p>Aparecen los primeros inicios de un mercado de\nclimatizaci\u00f3n en EEUU acondicionando locales de gran ocupaci\u00f3n como eran los\ncines y teatros de la \u00e9poca. A estos emplazamientos, les siguieron hospitales,\noficinas, aeropuertos y hoteles. <\/p>\n\n\n\n<p>Esta misma tendencia se reprodujo en nuestro pa\u00eds, y los\nprimeros edificios que estaban acondicionados eran industrias como f\u00e1brica de\nmaquinaria herramienta en la que las piezas de precisi\u00f3n se fabricaban en\nambiente acondicionado (1954). Posteriormente el acondicionamiento de aire se\nasent\u00f3 en diversos edificios p\u00fablicos, como por ejemplo cines; en Madrid el\nentonces Capitol, el Palacio de la Prensa, el Palafox, el El\u00edseos, entre otros.<\/p>\n\n\n\n<p><strong>D\u00c9CADAS DE LOS A\u00d1OS 50 Y 60 <\/strong><\/p>\n\n\n\n<p>En estos a\u00f1os aparece la refrigeraci\u00f3n mediante barras de\nhielo sobre las que se hacia pasar una corriente de aire, plantas enfriadoras\nagua-agua con NH<sub>3<\/sub> y R12 (aproximadamente en el a\u00f1o 1930) con\ncompresores abiertos (alternativos y centr\u00edfugos). Tambien aparecen las\nprimeras torres de refrigeraci\u00f3n con relleno de ladrillos (calculadas a mano en\nlas ingenierias de entonces), calderas pirotubulares y acuotubulares de grandes\ndimensiones. Los combustibles primarios utilizados para convertirse en energia\nfinal eran el carb\u00f3n y fuel\u00f3leo. Los sistemas de control eran todo-nada o\nmodulantes, electromec\u00e1nicos o neum\u00e1ticos, y casi todos sin retroalimentaci\u00f3n\n(de lazo abierto). Las Unidades de Tratamiento de Aire se conformaban con cerramientos\nde obra, dise\u00f1adas a la medida (no hab\u00eda fabricantes y produccion de productos\nen serie).<\/p>\n\n\n\n<p>Influ\u00eddo el sector por la\ntecnolog\u00eda procedente de USA, en Espa\u00f1a durante un tiempo s\u00f3lo se instalaban\nsistemas de fan-coils, o de caudal de aire variable. A finales de la decada de\nlos 60, a\u00f1o 1959 se fabricaban aparatos aut\u00f3nomos de acondicionamiento de aire\nde 9.000 a 90.000 Frig\/h, de condensaci\u00f3n por agua y, salvo algunos accesorios,\ntodo era de fabricaci\u00f3n espa\u00f1ola.&nbsp;<\/p>\n\n\n\n<p>En la d\u00e9cada de los 60 se calculaban las instalaciones en\nr\u00e9gimen permanente, no porque se desconociera la existencia del r\u00e9gimen\ntransitorio, con sus secuelas de acumulaci\u00f3n y retraso de la carga t\u00e9rmica,\nsino por la imposibilidad de solventar en tiempo las ecuaciones diferenciales\nque rigen la transferencia t\u00e9rmica. <\/p>\n\n\n\n<p><strong>D\u00c9CADAS DE LOS A\u00d1OS 70 Y 80 <\/strong><\/p>\n\n\n\n<p>En una \u00e9poca poco asociativa, y\nmenos acostumbra a\u00fan a organizaciones no lucrativas, un grupo de t\u00e9cnicos\nespa\u00f1oles estim\u00f3, en 1974, la necesidad de agruparse para conseguir un mejor\ndesarrollo e implantaci\u00f3n de las Tecnolog\u00edas de climatizaci\u00f3n, calefacci\u00f3n y\nfr\u00edo en nuestro pa\u00eds.<\/p>\n\n\n\n<p>En Espa\u00f1a, en aquella \u00e9poca, el\nsector estaba muy poco profesionalizado y tecnificado, en muchos casos el\ninstalador calculaba el n\u00famero de elementos de un radiador por aproximaci\u00f3n, \u201ca ojo\u201d, y\nlos m\u00e1s expertos, llegaban a contar el n\u00famero de losetas del solado, y conforme\na unas tablas que circulaban por el sector, determinaban la potencia del\nradiador\u2026<\/p>\n\n\n\n<p>El hecho es que ante este ambiente, muchos ingenieros que\nhab\u00edan terminado recientemente su carrera, expresaron a los m\u00e1s veteranos las\ninquietudes, y la necesidad de profesionalizar el sector. <\/p>\n\n\n\n<p>Una vez resueltos los requisitos administrativos, el 22 de\nenero de 1975 se celebr\u00f3 la primera Rueda de Prensa de presentaci\u00f3n de ATECYR.\nSu presidente, Mortes Alfonso declar\u00f3:<\/p>\n\n\n\n<p>\u201cNormalizaci\u00f3n, informaci\u00f3n, ense\u00f1anza, control de\ncalidad, lucha contra la poluci\u00f3n y ahorro de energ\u00eda, pueden considerarse como\nnuestros objetivos principales. Cada vez hacen falta m\u00e1s y mejores t\u00e9cnicos, y\nla \u00fanica forma de mantener sus conocimientos al d\u00eda es creando una organizaci\u00f3n\ninterprofesionales que se ocupe de su formaci\u00f3n permanente, pues no hay que\nolvidar que las t\u00e9cnicas necesarias para salir airosamente del constante reto\ndiario de la evoluci\u00f3n tecnol\u00f3gica son tan recientes que, muchas de ellas, han\nsido descubiertas despu\u00e9s de haber terminado nuestros profesionales sus\nestudios acad\u00e9micos.\u201d<\/p>\n\n\n\n<p>Aparecen las primeras plantas enfriadoras con\nrefrigerantes halogenados (para elevar la seguirdad de las intalaciones\nevitando explosiones e intoxicaciones que prouduc\u00edan los refrigerantes\nnaturales) y las primeras plantas enfriadoras agua-aire. En paralelo, aparecen\nlos primeros compresores semi-herm\u00e9ticos y herm\u00e9ticos accionados\nelectricamente. Al final de la decada de los 80 aparecen los compresores de\ntornillo semi-herm\u00e9ticos.<\/p>\n\n\n\n<p>Los sistemas de control evolucioan utilizando sensores y\nactuadores el\u00e9ctricos y neum\u00e1ticos, P, PI, PID. <\/p>\n\n\n\n<p>Existe una mejora sustancial de\nlas unidades terminales y de difusi\u00f3n introducci\u00f3n de sistemas de caudal\nvariable. En los a\u00f1os 80, Europa inici\u00f3 un camino diferente, basado en el bienestar,\ny experiment\u00f3 y desarroll\u00f3 soluciones m\u00e1s avanzadas que las americanas,\nsistemas que hoy son las que lideran el mercado. Entre otros, mencionar los\nsistemas radiantes, el retorno de la inducci\u00f3n, y, como no, la aparici\u00f3n de los\nsistemas de expansi\u00f3n directa. Tambi\u00e9n se produce una gran mejora en la\nreducci\u00f3n de dimensiones de los equipos y en la disminuci\u00f3n de los niveles\nsonoros.<\/p>\n\n\n\n<div class=\"wp-block-image\"><figure class=\"aligncenter\"><img loading=\"lazy\" decoding=\"async\" width=\"1024\" height=\"683\" src=\"https:\/\/www.atecyr.org\/blog\/wp-content\/uploads\/2019\/06\/AdobeStock_186633865-1024x683.jpeg\" alt=\"\" class=\"wp-image-711\" srcset=\"https:\/\/www.atecyr.org\/blog\/wp-content\/uploads\/2019\/06\/AdobeStock_186633865-1024x683.jpeg 1024w, https:\/\/www.atecyr.org\/blog\/wp-content\/uploads\/2019\/06\/AdobeStock_186633865-300x200.jpeg 300w, https:\/\/www.atecyr.org\/blog\/wp-content\/uploads\/2019\/06\/AdobeStock_186633865-768x512.jpeg 768w, https:\/\/www.atecyr.org\/blog\/wp-content\/uploads\/2019\/06\/AdobeStock_186633865-500x333.jpeg 500w, https:\/\/www.atecyr.org\/blog\/wp-content\/uploads\/2019\/06\/AdobeStock_186633865-800x533.jpeg 800w, https:\/\/www.atecyr.org\/blog\/wp-content\/uploads\/2019\/06\/AdobeStock_186633865-1280x853.jpeg 1280w, https:\/\/www.atecyr.org\/blog\/wp-content\/uploads\/2019\/06\/AdobeStock_186633865-1920x1280.jpeg 1920w\" sizes=\"(max-width: 1024px) 100vw, 1024px\" \/><figcaption>Sets of cooling towers in data center building.<\/figcaption><\/figure><\/div>\n\n\n\n<p><strong>D\u00c9CADA DE LOS A\u00d1OS 90 HASTA HOY <\/strong><\/p>\n\n\n\n<p>La evoluci\u00f3n tecnol\u00f3gica quiz\u00e1s\nno es excesiva, pero las gamas de equipos, sus caracter\u00edsticas constructivas y\nde dise\u00f1o, han mejorado sustancialmente desde los a\u00f1os 90.<\/p>\n\n\n\n<p>Se mejoran los conceptos de dise\u00f1o de distribucion de agua\naumentando la temperatura de agua refrigerada y disminuci\u00f3n de la temperatura\nde agua caliente. Mejora de la calidad de todos los equipos como efecto de la\nentrada en vigor de normas EN e ISO (motores, compresores, ventiladores, bombas\netc.), armonizadas en pro de un mercado \u00fanico.&nbsp;\n<\/p>\n\n\n\n<p>Se aprovecha toda la posiblidad de los combustibles\n(aprovechamiento de la condensacion del agua de los humos) mediante las\ncalderas de baja temperatura y de condensaci\u00f3n. Comienza la desaparici\u00f3n de\ncarb\u00f3n, fuel\u00f3leo y gas\u00f3leo como fuentes energeticas a favor y&nbsp; dominio del Gas Natural. Desaparici\u00f3n de\nrefrigerantes da\u00f1ino para la capa de ozono (los que contienen cloro). <\/p>\n\n\n\n<p>Cambios importantes en el dise\u00f1o se produjeron como\nconsecuencia de la necesidad de repartici\u00f3n de gastos (Directivas Europeas y\nRITE) y necesidad de aprovechamiento de la energ\u00eda. Como consecuencia de esto,\nexiste la utilizaci\u00f3n intensiva del aire exterior como medio de refrigeraci\u00f3n\n(sobretodo en invierno y medias estaciones) con la ayuda del enfriamiento\nadiab\u00e1tico. <\/p>\n\n\n\n<p>Aparecen los compresores frigor\u00edficos rotativos (de\npaletas, scroll, de tornillo, centr\u00edfugos) y desaparicen los compresores\nalternativos de pist\u00f3n.<\/p>\n\n\n\n<p>Alrededor de los a\u00f1os 2000,\nhay un gran avance con los sistemas de control a trav\u00e9s de los Sistemas de\nGesti\u00f3n T\u00e9cnica Centralizada, con gran avance en general de la electr\u00f3nica en\ntodos los equipos e instalaciones. Hoy dia las t\u00e9cnicas de&nbsp; control, regulaci\u00f3n, transmisi\u00f3n de datos,\nmanipulaci\u00f3n de los mismos, simulaci\u00f3n \u201cin tempo\u201d, transforman la informaci\u00f3n\nen conocimiento y permiten una eficiencia&nbsp;\nimpensable no s\u00f3lo hace 50 a\u00f1os, sino probablemente no vaticinable hace\ns\u00f3lo 25 a\u00f1os.<\/p>\n\n\n\n<p>A nivel de c\u00e1lculo, la\nsituaci\u00f3n ha cambiado drasticamente de manera que el proyectista sigue\nmanteniendo un ojo puesto en el momento de carga punta, mientras que el otro se\nextiende hacia una integral extendida a todo el per\u00edodo de funcionamiento la\ncual va a suministrar no s\u00f3lo la demanda energ\u00e9tica sino el consumo y por ende\nel rendimiento de los equipos. Es decir, aparece la \u201csimulaci\u00f3n\u201d no s\u00f3lo de la\nepidermis del edificio, sino del comportamiento edificio-instalaci\u00f3n. &nbsp;Destacamos el papel de los ingenieros e&nbsp; incidimos en su capacidad actual para realizar\nproyectos internacionales, estamos a uno de los mas altos niveles mundiales,\npese a lo cual, remarcar que es necesario a base de formaci\u00f3n, mejorar el nivel\nmedio de nuestros t\u00e9cnicos.<\/p>\n\n\n\n<p>Texto refundido de la ponencia\nmagistral inaugural de D. Alberto Viti impartida en las 5 ediciones del Curso\nde Experto en Climatizaci\u00f3n y la opini\u00f3n de D. Ram\u00f3n Vel\u00e1zquez, D. Alejandro\nCabetas, D. Rafa \u00darculo, D. Juan Jos\u00e9 Quixano y D. Jos\u00e9 Manuel Pinazo.<\/p>\n","protected":false},"excerpt":{"rendered":"<p>Arcadio Garc\u00eda Lastra Secretario T\u00e9cnico de Atecyr Para elaborar este art\u00edculo, hemos recabado la opini\u00f3n de los miembros del Comit\u00e9 T\u00e9cnico de Atecyr y con las vivencias escuchadas, unida a la narrativa de nuestra&#46;&#46;&#46;<\/p>\n","protected":false},"author":3,"featured_media":1297,"comment_status":"open","ping_status":"open","sticky":false,"template":"","format":"standard","meta":{"footnotes":"","_vp_format_video_url":"","_vp_image_focal_point":[]},"categories":[1],"tags":[],"post_mailing_queue_ids":[],"_links":{"self":[{"href":"https:\/\/www.atecyr.org\/blog\/wp-json\/wp\/v2\/posts\/709"}],"collection":[{"href":"https:\/\/www.atecyr.org\/blog\/wp-json\/wp\/v2\/posts"}],"about":[{"href":"https:\/\/www.atecyr.org\/blog\/wp-json\/wp\/v2\/types\/post"}],"author":[{"embeddable":true,"href":"https:\/\/www.atecyr.org\/blog\/wp-json\/wp\/v2\/users\/3"}],"replies":[{"embeddable":true,"href":"https:\/\/www.atecyr.org\/blog\/wp-json\/wp\/v2\/comments?post=709"}],"version-history":[{"count":4,"href":"https:\/\/www.atecyr.org\/blog\/wp-json\/wp\/v2\/posts\/709\/revisions"}],"predecessor-version":[{"id":2039,"href":"https:\/\/www.atecyr.org\/blog\/wp-json\/wp\/v2\/posts\/709\/revisions\/2039"}],"wp:featuredmedia":[{"embeddable":true,"href":"https:\/\/www.atecyr.org\/blog\/wp-json\/wp\/v2\/media\/1297"}],"wp:attachment":[{"href":"https:\/\/www.atecyr.org\/blog\/wp-json\/wp\/v2\/media?parent=709"}],"wp:term":[{"taxonomy":"category","embeddable":true,"href":"https:\/\/www.atecyr.org\/blog\/wp-json\/wp\/v2\/categories?post=709"},{"taxonomy":"post_tag","embeddable":true,"href":"https:\/\/www.atecyr.org\/blog\/wp-json\/wp\/v2\/tags?post=709"}],"curies":[{"name":"wp","href":"https:\/\/api.w.org\/{rel}","templated":true}]}}