{"id":2496,"date":"2022-07-07T10:30:59","date_gmt":"2022-07-07T08:30:59","guid":{"rendered":"https:\/\/www.atecyr.org\/blog\/?p=2496"},"modified":"2022-07-07T10:30:59","modified_gmt":"2022-07-07T08:30:59","slug":"antonio-contardo-ii-por-gabriel-barcelo-rico-avello","status":"publish","type":"post","link":"https:\/\/www.atecyr.org\/blog\/2022\/07\/07\/antonio-contardo-ii-por-gabriel-barcelo-rico-avello\/","title":{"rendered":"Antonio Contardo II por Gabriel Barcel\u00f3 Rico-Avello"},"content":{"rendered":"\n<div class=\"wp-block-media-text alignwide\" style=\"grid-template-columns:16% auto\"><figure class=\"wp-block-media-text__media\"><img loading=\"lazy\" decoding=\"async\" width=\"936\" height=\"936\" src=\"https:\/\/www.atecyr.org\/blog\/wp-content\/uploads\/2020\/03\/Barcelo.png\" alt=\"\" class=\"wp-image-1367 size-full\" srcset=\"https:\/\/www.atecyr.org\/blog\/wp-content\/uploads\/2020\/03\/Barcelo.png 936w, https:\/\/www.atecyr.org\/blog\/wp-content\/uploads\/2020\/03\/Barcelo-150x150.png 150w, https:\/\/www.atecyr.org\/blog\/wp-content\/uploads\/2020\/03\/Barcelo-300x300.png 300w, https:\/\/www.atecyr.org\/blog\/wp-content\/uploads\/2020\/03\/Barcelo-768x768.png 768w, https:\/\/www.atecyr.org\/blog\/wp-content\/uploads\/2020\/03\/Barcelo-500x500.png 500w, https:\/\/www.atecyr.org\/blog\/wp-content\/uploads\/2020\/03\/Barcelo-800x800.png 800w, https:\/\/www.atecyr.org\/blog\/wp-content\/uploads\/2020\/03\/Barcelo-160x160.png 160w, https:\/\/www.atecyr.org\/blog\/wp-content\/uploads\/2020\/03\/Barcelo-320x320.png 320w\" sizes=\"(max-width: 936px) 100vw, 936px\" \/><\/figure><div class=\"wp-block-media-text__content\">\n<p style=\"font-size:24px\"><strong>Gabriel Barcel\u00f3 Rico-Avello<\/strong><\/p>\n\n\n\n<p>Socio fundador y socio de honor de Atecyr<\/p>\n<\/div><\/div>\n\n\n\n<p><\/p>\n\n\n\n<p>En esta segunda entrega, continuamos describiendo la actividad innovadora de este profesional, en el sector del intercambio de calor:<\/p>\n\n\n\n<p><em>Lo m\u00e1s espectacular fue, a principio del 1968 cuando alquilamos cuatro aviones, que cada uno en un d\u00eda distinto, llevaron grupos de M\u00fanich, D\u00fcsseldorf, Frankfurt y Hannover a visitar nuestra f\u00e1brica, y fue un gran \u00e9xito. En a\u00f1os recientes me ha acaecido, visitando ferias alemanas, que alguien me recordase esa operaci\u00f3n. Pero a\u00fan menos espectacularmente, hicimos lo mismo con casi todos los pa\u00edses europeos. Y esto marcaba una gran diferencia con todos los competidores. Un ejemplo de nuestra notoriedad se aprecia en las rese\u00f1as que informaban de la fundaci\u00f3n de la firma Recuperator, que se publicaron en revistas del sector de Francia, Alemania, Jap\u00f3n, Escandinavia y EE.UU. (<\/em>Argus de la Presse, Paris, marzo de 1975. Rese\u00f1a de la noticia de la fundaci\u00f3n de <em>Recuperator<\/em> por Antonio Contardo, en <em>Revue Parctique du froid,<\/em> <em>CCI marketing<\/em>, <em>Jarn<\/em>, <em>Skandinavian Refrigerator<\/em>, etc,)<\/p>\n\n\n\n<figure class=\"wp-block-image size-large\"><img loading=\"lazy\" decoding=\"async\" width=\"742\" height=\"1024\" src=\"https:\/\/www.atecyr.org\/blog\/wp-content\/uploads\/2022\/07\/B3-742x1024.png\" alt=\"\" class=\"wp-image-2497\" srcset=\"https:\/\/www.atecyr.org\/blog\/wp-content\/uploads\/2022\/07\/B3-742x1024.png 742w, https:\/\/www.atecyr.org\/blog\/wp-content\/uploads\/2022\/07\/B3-218x300.png 218w, https:\/\/www.atecyr.org\/blog\/wp-content\/uploads\/2022\/07\/B3-768x1059.png 768w, https:\/\/www.atecyr.org\/blog\/wp-content\/uploads\/2022\/07\/B3-500x690.png 500w, https:\/\/www.atecyr.org\/blog\/wp-content\/uploads\/2022\/07\/B3-800x1103.png 800w, https:\/\/www.atecyr.org\/blog\/wp-content\/uploads\/2022\/07\/B3.png 902w\" sizes=\"(max-width: 742px) 100vw, 742px\" \/><figcaption><em>Patente de intercambiador de calor Contardo<\/em> <em>sin tubos ST<\/em><\/figcaption><\/figure>\n\n\n\n<p><em>Todo iba magn\u00edficamente, y nos empez\u00e1bamos a introducir en el mercado de automoci\u00f3n. La empresa Perkins realiz\u00f3 pruebas en sus laboratorios con nuestros radiadores, fabricados con nuestra tecnolog\u00eda sistema Alubond, comprobando un mejor rendimiento que con los tradicionales, y nos expres\u00f3 su inter\u00e9s de incorporar estos radiadores en todos sus motores. (Correo de la firma Motori Perkins de 27 de febrero de 1969, a Contardo S.p.A.) No obstante, los acontecimientos del mayo del 68 en Francia empezaron a inquietar a la sociedad italiana.<\/em><\/p>\n\n\n\n<p><em>La empresa Contardo se convirti\u00f3 en un objetivo para los sindicatos, dado que el personal no estaba sindicalizado. Empezaron las turbulencias sociales, las huelgas y posteriormente se enrareci\u00f3 el ambiente con secuestros de personas, incluso de ni\u00f1os, y alguno pudo ser asesinado, pues nunca m\u00e1s se supo. Viv\u00edamos en el campo, en medio de un bosque, cerca de la frontera Suiza, en una preciosa casa aislada, pero muy vulnerable. Esta situaci\u00f3n se mantuvo durante unos a\u00f1os, hasta que se aprob\u00f3 una ley que permit\u00eda a la autoridad gubernativa bloquear los fondos de la familia del secuestrado, para que no pudiesen ser utilizados para pagar a los raptores.<\/em><\/p>\n\n\n\n<p><em>En este escenario, en 1972 mi mujer y yo preferimos aceptar una oferta de compra de todo el grupo, de la empresa Gould, que cotizaba en la bolsa de Nueva York, y olvidar aquel triste y desastroso panorama. Me fui a vivir a Francia.<\/em><\/p>\n\n\n\n<p><em>En Espa\u00f1a estaba la segunda f\u00e1brica del grupo, por encima de Noruega, pero durante la negociaci\u00f3n con Gould, Pablo me comunico que quer\u00eda dejar la empresa para fabricar equipos de difusi\u00f3n, con un grupo que le ofrec\u00eda la direcci\u00f3n de la empresa y el 60% de los resultados. Dado el dialogo fluido que exist\u00eda entre ambos, le propuse que se mantuviese en la f\u00e1brica hasta que se negociase el acuerdo con Gould, y que posteriormente podr\u00edamos hacer el mismo acuerdo, pero con el 60% a favor de Pablo. Inmediatamente llegamos a este acuerdo, y despu\u00e9s de la venta, fundamos Koolair en Espa\u00f1a. No obstante, Pablo, teniendo como director a M\u00e1rquez, constituy\u00f3 tambi\u00e9n Ventilex, para fabricar climatizadores, que posteriormente se fusion\u00f3 con Koolair. En 1995 compr\u00e9 la totalidad del grupo.<\/em><\/p>\n\n\n\n<p><em>Posteriormente, con otro directivo de Contardo Italia, constitu\u00ed la sociedad Recuperator, para el dise\u00f1o y producci\u00f3n de equipos de recuperaci\u00f3n del calor est\u00e1ticos, que lleg\u00f3 a ser l\u00edder en Europa, y que recientemente he vendido. Tambi\u00e9n creamos una sociedad para estufas de le\u00f1a en Italia, y en Dinamarca otra, para fabricar bater\u00edas, siempre con antiguos directivos del grupo. Y en Espa\u00f1a Koolclima, para fabricar climatizadores al separar de nuevo esta actividad de Kolair. No obstante, en los \u00faltimos a\u00f1os me fui deshaciendo de esas inversiones, manteniendo Koolair en Espa\u00f1a y Recuperator en Italia, hasta noviembre de 2018.<\/em><\/p>\n\n\n\n<figure class=\"wp-block-image size-large\"><img loading=\"lazy\" decoding=\"async\" width=\"1024\" height=\"506\" src=\"https:\/\/www.atecyr.org\/blog\/wp-content\/uploads\/2022\/07\/B4-1024x506.png\" alt=\"\" class=\"wp-image-2498\" srcset=\"https:\/\/www.atecyr.org\/blog\/wp-content\/uploads\/2022\/07\/B4-1024x506.png 1024w, https:\/\/www.atecyr.org\/blog\/wp-content\/uploads\/2022\/07\/B4-300x148.png 300w, https:\/\/www.atecyr.org\/blog\/wp-content\/uploads\/2022\/07\/B4-768x379.png 768w, https:\/\/www.atecyr.org\/blog\/wp-content\/uploads\/2022\/07\/B4-500x247.png 500w, https:\/\/www.atecyr.org\/blog\/wp-content\/uploads\/2022\/07\/B4-800x395.png 800w, https:\/\/www.atecyr.org\/blog\/wp-content\/uploads\/2022\/07\/B4.png 1144w\" sizes=\"(max-width: 1024px) 100vw, 1024px\" \/><figcaption><em>Antonio Contardo y Roland Kasper, en la firma del acuerdo de venta de Koolair<\/em><\/figcaption><\/figure>\n\n\n\n<p><em>Fue emitida nota de prensa el 26\/09\/2018,<\/em> <em>en la que se expresaba que la firma sueca Systemair AB, hab\u00eda adquirido la empresa espa\u00f1ola Koolair: \u201cKoolair es un fabricante l\u00edder de Productos de Distribuci\u00f3n de Aire para el mercado espa\u00f1ol. Los mercados de exportaci\u00f3n contribuyen con un 50% a la facturaci\u00f3n de la empresa. La producci\u00f3n en M\u00f3stoles fuera de Madrid, est\u00e1 altamente automatizada. El volumen de negocios de la empresa asciende a 30 millones de euros.\u201d El presidente y director ejecutivo de Systemair, Roland Kaspe expresaba: \u00abVemos grandes oportunidades con la presencia actual de mercado y la cartera de productos de la compa\u00f1\u00eda. Esta adquisici\u00f3n nos da una posici\u00f3n de mercado fortalecida y buenas sinergias dentro de Air Distribution Products en el mercado europeo\u00bb.<\/em><\/p>\n\n\n\n<p>(<a href=\"https:\/\/www.systemair.com\/Investor--Media\/Press-releases\/2018\/systemair-acquires-koolair\/\">https:\/\/www.systemair.com\/Investor&#8211;Media\/Press-releases\/2018\/systemair-acquires-koolair\/<\/a>)<\/p>\n\n\n\n<p><em>La escuela de ingenieros de Mil\u00e1n public\u00f3 un texto en mi homenaje, con participaci\u00f3n de una veintena de autores diferentes.<\/em> <em>Era un libro concebido para los ingenieros que estudiaban tratamiento del aire. Cada autor escribi\u00f3 un cap\u00edtulo sobre su especialidad, y me invitaron a escribir el cap\u00edtulo de intercambiadores aire-aire.<\/em><\/p>\n\n\n\n<p><em>Tras ocho a\u00f1os viviendo en Francia, me traslade a Alemania, donde viv\u00ed tres a\u00f1os. Mi mujer, que hab\u00eda vivido casi un a\u00f1o en Espa\u00f1a,<\/em> <em>en 1986, sugiri\u00f3 que teniendo Recuperator en Italia y Koolair en Espa\u00f1a, podr\u00edamos tener una casa en Madrid, alternando las dos residencias. Desde ese momento vivimos en Madrid, y desde esa fecha, aqu\u00ed seguimos.<\/em>(Entrevista con Antonio Contardo y correos, 16\/11\/2020).<\/p>\n","protected":false},"excerpt":{"rendered":"<p>Gabriel Barcel\u00f3 Rico-Avello Socio fundador y socio de honor de Atecyr En esta segunda entrega, continuamos describiendo la actividad innovadora de este profesional, en el sector del intercambio de calor: Lo m\u00e1s espectacular fue,&#46;&#46;&#46;<\/p>\n","protected":false},"author":3,"featured_media":2182,"comment_status":"open","ping_status":"open","sticky":false,"template":"","format":"standard","meta":{"footnotes":"","_vp_format_video_url":"","_vp_image_focal_point":[]},"categories":[1],"tags":[],"post_mailing_queue_ids":[],"_links":{"self":[{"href":"https:\/\/www.atecyr.org\/blog\/wp-json\/wp\/v2\/posts\/2496"}],"collection":[{"href":"https:\/\/www.atecyr.org\/blog\/wp-json\/wp\/v2\/posts"}],"about":[{"href":"https:\/\/www.atecyr.org\/blog\/wp-json\/wp\/v2\/types\/post"}],"author":[{"embeddable":true,"href":"https:\/\/www.atecyr.org\/blog\/wp-json\/wp\/v2\/users\/3"}],"replies":[{"embeddable":true,"href":"https:\/\/www.atecyr.org\/blog\/wp-json\/wp\/v2\/comments?post=2496"}],"version-history":[{"count":1,"href":"https:\/\/www.atecyr.org\/blog\/wp-json\/wp\/v2\/posts\/2496\/revisions"}],"predecessor-version":[{"id":2499,"href":"https:\/\/www.atecyr.org\/blog\/wp-json\/wp\/v2\/posts\/2496\/revisions\/2499"}],"wp:featuredmedia":[{"embeddable":true,"href":"https:\/\/www.atecyr.org\/blog\/wp-json\/wp\/v2\/media\/2182"}],"wp:attachment":[{"href":"https:\/\/www.atecyr.org\/blog\/wp-json\/wp\/v2\/media?parent=2496"}],"wp:term":[{"taxonomy":"category","embeddable":true,"href":"https:\/\/www.atecyr.org\/blog\/wp-json\/wp\/v2\/categories?post=2496"},{"taxonomy":"post_tag","embeddable":true,"href":"https:\/\/www.atecyr.org\/blog\/wp-json\/wp\/v2\/tags?post=2496"}],"curies":[{"name":"wp","href":"https:\/\/api.w.org\/{rel}","templated":true}]}}