{"id":2413,"date":"2022-05-17T12:09:43","date_gmt":"2022-05-17T10:09:43","guid":{"rendered":"https:\/\/www.atecyr.org\/blog\/?p=2413"},"modified":"2022-05-17T12:09:44","modified_gmt":"2022-05-17T10:09:44","slug":"la-filtracion-como-medida-para-mejorar-la-cai-y-seguridad-frente-al-contagio-en-espacios-interiores-por-pedro-vicente-quiles","status":"publish","type":"post","link":"https:\/\/www.atecyr.org\/blog\/2022\/05\/17\/la-filtracion-como-medida-para-mejorar-la-cai-y-seguridad-frente-al-contagio-en-espacios-interiores-por-pedro-vicente-quiles\/","title":{"rendered":"La filtraci\u00f3n como medida para mejorar la CAI y seguridad frente al contagio en espacios interiores por Pedro Vicente Quiles"},"content":{"rendered":"\n<div class=\"wp-block-media-text alignwide\" style=\"grid-template-columns:16% auto\"><figure class=\"wp-block-media-text__media\"><img loading=\"lazy\" decoding=\"async\" width=\"498\" height=\"502\" src=\"https:\/\/www.atecyr.org\/blog\/wp-content\/uploads\/2019\/06\/Peter-removebg.png\" alt=\"\" class=\"wp-image-691 size-full\" srcset=\"https:\/\/www.atecyr.org\/blog\/wp-content\/uploads\/2019\/06\/Peter-removebg.png 498w, https:\/\/www.atecyr.org\/blog\/wp-content\/uploads\/2019\/06\/Peter-removebg-150x150.png 150w, https:\/\/www.atecyr.org\/blog\/wp-content\/uploads\/2019\/06\/Peter-removebg-298x300.png 298w, https:\/\/www.atecyr.org\/blog\/wp-content\/uploads\/2019\/06\/Peter-removebg-496x500.png 496w, https:\/\/www.atecyr.org\/blog\/wp-content\/uploads\/2019\/06\/Peter-removebg-160x160.png 160w\" sizes=\"(max-width: 498px) 100vw, 498px\" \/><\/figure><div class=\"wp-block-media-text__content\">\n<p style=\"font-size:24px\"><strong>Pedro Vicente Quiles<\/strong><\/p>\n\n\n\n<p>Presidente del Comit\u00e9 T\u00e9cnico de Atecyr <\/p>\n<\/div><\/div>\n\n\n\n<p><\/p>\n\n\n\n<p>El filtrado del aire mejora la calidad del aire interior y puede emplearse para corregir problemas de ventilaci\u00f3n. Los purificadores de aire pueden ser adecuados en espacios donde la renovaci\u00f3n del aire sea escasa: no pueden sustituir al aporte de aire exterior, pero s\u00ed producen una mejora importante. En este sentido, se han establecido recomendaciones para el uso de filtraci\u00f3n mec\u00e1nica en espacios interiores.<\/p>\n\n\n\n<p>Las part\u00edculas s\u00f3lidas o l\u00edquidas en suspensi\u00f3n en el aire, denominadas habitualmente aerosoles, definidas como \u00abpart\u00edculas transportadas por el aire\u00bb, son los contaminantes m\u00e1s preocupantes y, adem\u00e1s, son los elementos que con mayor facilidad eliminan los filtros de tipo mec\u00e1nico. Hasta la pandemia, el filtrado se centraba en reducir la contaminaci\u00f3n del aire exterior debida a las part\u00edculas producidas por el tr\u00e1fico, la actividad industrial, etc., o por contaminantes naturales como polvo o microorganismos.<\/p>\n\n\n\n<p>Sin embargo, a ra\u00edz de la pandemia, se ha visto que el filtrado de aire interior, recirculando el mismo a trav\u00e9s de filtros mec\u00e1nicos es una buena soluci\u00f3n para reducir los aerosoles presentes en el ambiente interior. Esta soluci\u00f3n, que en pandemia de centra en reducir la carga v\u00edrica de una persona que pudiera estar contagiada por el virus, se ha visto que puede ser eficaz para la reducci\u00f3n de todo tipo de aerosoles de part\u00edculas o microorganismos.<\/p>\n\n\n\n<p>La norma que el RITE indica para determinar el criterio de selecci\u00f3n de filtros es la EN 779:2012, aunque ya est\u00e1 derogada. Esta norma denominaba los filtros en \u201cM\u201d, \u201cF\u201d o \u201cG\u201d seg\u00fan su eficacia de filtraci\u00f3n a part\u00edculas de 0,4 micas. La nueva norma ISO 16890:2016 para la elecci\u00f3n de filtros se aplicar\u00e1 en la pr\u00f3xima modificaci\u00f3n del RITE y clasifica los filtros en funci\u00f3n de su eficiencia de filtrado de part\u00edculas de 1, 2,5 y 10 micras. Por tanto, la denominaci\u00f3n de los filtros que se comercializan actualmente ha cambiado. Adem\u00e1s, existe un etiquetado energ\u00e9tico de los filtros que informa sobre el consumo energ\u00e9tico de los mismos debidos a su p\u00e9rdida de carga durante un periodo estandarizado de funcionamiento.<\/p>\n\n\n\n<p>En el curso se mostraron casos pr\u00e1cticos de selecci\u00f3n de filtros, as\u00ed como la estimaci\u00f3n del consumo energ\u00e9tico debido a la impulsi\u00f3n del aire exterior. As\u00ed mismo se realizaron casos pr\u00e1cticos de uso de filtros en la recirculaci\u00f3n de aire, para la reducci\u00f3n de aerosoles del aire interior. Los ejemplos muestran que la recirculaci\u00f3n de aire en equipos como rooftops, reduce de forma importante los aerosoles presentes en el aire interior incluso empleando filtros de 70-80% de eficacia debido al alto caudal de aire que recirculan.<\/p>\n\n\n\n<p>Por \u00faltimo, se abord\u00f3 la selecci\u00f3n de equipos purificadores, tanto de peque\u00f1o tama\u00f1o para espacios reducidos, como de equipos aut\u00f3nomos, capaces de tratar el aire de grandes espacios como comercios.<\/p>\n","protected":false},"excerpt":{"rendered":"<p>Pedro Vicente Quiles Presidente del Comit\u00e9 T\u00e9cnico de Atecyr El filtrado del aire mejora la calidad del aire interior y puede emplearse para corregir problemas de ventilaci\u00f3n. Los purificadores de aire pueden ser adecuados&#46;&#46;&#46;<\/p>\n","protected":false},"author":3,"featured_media":2414,"comment_status":"open","ping_status":"open","sticky":false,"template":"","format":"standard","meta":{"footnotes":"","_vp_format_video_url":"","_vp_image_focal_point":[]},"categories":[10],"tags":[],"post_mailing_queue_ids":[],"_links":{"self":[{"href":"https:\/\/www.atecyr.org\/blog\/wp-json\/wp\/v2\/posts\/2413"}],"collection":[{"href":"https:\/\/www.atecyr.org\/blog\/wp-json\/wp\/v2\/posts"}],"about":[{"href":"https:\/\/www.atecyr.org\/blog\/wp-json\/wp\/v2\/types\/post"}],"author":[{"embeddable":true,"href":"https:\/\/www.atecyr.org\/blog\/wp-json\/wp\/v2\/users\/3"}],"replies":[{"embeddable":true,"href":"https:\/\/www.atecyr.org\/blog\/wp-json\/wp\/v2\/comments?post=2413"}],"version-history":[{"count":1,"href":"https:\/\/www.atecyr.org\/blog\/wp-json\/wp\/v2\/posts\/2413\/revisions"}],"predecessor-version":[{"id":2415,"href":"https:\/\/www.atecyr.org\/blog\/wp-json\/wp\/v2\/posts\/2413\/revisions\/2415"}],"wp:featuredmedia":[{"embeddable":true,"href":"https:\/\/www.atecyr.org\/blog\/wp-json\/wp\/v2\/media\/2414"}],"wp:attachment":[{"href":"https:\/\/www.atecyr.org\/blog\/wp-json\/wp\/v2\/media?parent=2413"}],"wp:term":[{"taxonomy":"category","embeddable":true,"href":"https:\/\/www.atecyr.org\/blog\/wp-json\/wp\/v2\/categories?post=2413"},{"taxonomy":"post_tag","embeddable":true,"href":"https:\/\/www.atecyr.org\/blog\/wp-json\/wp\/v2\/tags?post=2413"}],"curies":[{"name":"wp","href":"https:\/\/api.w.org\/{rel}","templated":true}]}}